{"id":378,"date":"2023-11-27T13:39:29","date_gmt":"2023-11-27T13:39:29","guid":{"rendered":"http:\/\/www.corporacionaprender.cl\/wp\/?p=378"},"modified":"2023-11-27T13:39:29","modified_gmt":"2023-11-27T13:39:29","slug":"la-semana-de-las-artes-en-el-colegio-sagrado-corazon-un-encuentro-de-fe-y-creatividad","status":"publish","type":"post","link":"https:\/\/www.corporacionaprender.cl\/wp\/2023\/11\/27\/la-semana-de-las-artes-en-el-colegio-sagrado-corazon-un-encuentro-de-fe-y-creatividad\/","title":{"rendered":"La Semana de las Artes en el Colegio Sagrado Coraz\u00f3n: Un Encuentro de Fe y Creatividad"},"content":{"rendered":"\n<p>En el Colegio Sagrado Coraz\u00f3n ha concluido con \u00e9xito la celebraci\u00f3n de la Semana de las Artes, un evento que ha transformado el campus en un vibrante lienzo de expresi\u00f3n cultural y espiritual. Bajo la direcci\u00f3n inspirada de la profesora Elisa Ovalle y el profesor Yolmer Torrealba, la comunidad educativa ha sido testigo de c\u00f3mo la belleza de las artes se entrelaza con la profundidad de la fe.<\/p>\n\n\n\n<p>Los pasillos del colegio se vistieron de gala con murales que capturaban la imaginaci\u00f3n y evocaban reflexi\u00f3n, cada uno narrando una historia visual \u00fanica, producto de la dedicaci\u00f3n y el talento de nuestros estudiantes. La m\u00fasica tambi\u00e9n jug\u00f3 un papel central en esta celebraci\u00f3n, con villancicos que tocaban el alma y recordaban el valor de nuestras tradiciones m\u00e1s queridas.<\/p>\n\n\n\n<p>El proyecto, titulado \u201cLas artes se combinan con la fe\u201d, ha sido una oda a la harmon\u00eda entre la creatividad art\u00edstica y la espiritualidad. Esta fusi\u00f3n ha sido evidente en cada esquina del colegio, en cada pincelada y cada acorde, demostrando que el arte no solo es una forma de expresi\u00f3n, sino tambi\u00e9n un medio para vivir y celebrar nuestra fe.<\/p>\n\n\n\n<p>Agradecemos profundamente a los profesores Ovalle y Torrealba por su liderazgo y pasi\u00f3n, que han encendido el entusiasmo creativo en nuestros estudiantes. Asimismo, extendemos nuestra gratitud a cada alumno y miembro del personal que contribuy\u00f3 a que la Semana de las Artes fuera un verdadero \u00e9xito.<\/p>\n\n\n\n<p>Mientras cerramos este cap\u00edtulo art\u00edstico, nos llevamos la certeza de que la belleza creada y compartida permanecer\u00e1 con nosotros, inspirando nuestro camino y fortaleciendo los lazos de nuestra comunidad.<\/p>\n\n\n\n<figure class=\"wp-block-gallery has-nested-images columns-default is-cropped wp-block-gallery-1 is-layout-flex wp-block-gallery-is-layout-flex\">\n<figure class=\"wp-block-image size-large\"><img loading=\"lazy\" decoding=\"async\" width=\"1024\" height=\"461\" data-id=\"379\" src=\"http:\/\/www.corporacionaprender.cl\/wp\/wp-content\/uploads\/2023\/11\/WhatsApp-Image-2023-11-23-at-09.19.20-1-1024x461.jpeg\" alt=\"\" class=\"wp-image-379\" srcset=\"https:\/\/www.corporacionaprender.cl\/wp\/wp-content\/uploads\/2023\/11\/WhatsApp-Image-2023-11-23-at-09.19.20-1-1024x461.jpeg 1024w, https:\/\/www.corporacionaprender.cl\/wp\/wp-content\/uploads\/2023\/11\/WhatsApp-Image-2023-11-23-at-09.19.20-1-300x135.jpeg 300w, https:\/\/www.corporacionaprender.cl\/wp\/wp-content\/uploads\/2023\/11\/WhatsApp-Image-2023-11-23-at-09.19.20-1-768x346.jpeg 768w, https:\/\/www.corporacionaprender.cl\/wp\/wp-content\/uploads\/2023\/11\/WhatsApp-Image-2023-11-23-at-09.19.20-1.jpeg 1280w\" sizes=\"auto, (max-width: 1024px) 100vw, 1024px\" \/><\/figure>\n\n\n\n<figure class=\"wp-block-image size-large\"><img loading=\"lazy\" decoding=\"async\" width=\"1024\" height=\"461\" data-id=\"380\" src=\"http:\/\/www.corporacionaprender.cl\/wp\/wp-content\/uploads\/2023\/11\/WhatsApp-Image-2023-11-23-at-09.19.20-2-1024x461.jpeg\" alt=\"\" class=\"wp-image-380\" srcset=\"https:\/\/www.corporacionaprender.cl\/wp\/wp-content\/uploads\/2023\/11\/WhatsApp-Image-2023-11-23-at-09.19.20-2-1024x461.jpeg 1024w, https:\/\/www.corporacionaprender.cl\/wp\/wp-content\/uploads\/2023\/11\/WhatsApp-Image-2023-11-23-at-09.19.20-2-300x135.jpeg 300w, https:\/\/www.corporacionaprender.cl\/wp\/wp-content\/uploads\/2023\/11\/WhatsApp-Image-2023-11-23-at-09.19.20-2-768x346.jpeg 768w, https:\/\/www.corporacionaprender.cl\/wp\/wp-content\/uploads\/2023\/11\/WhatsApp-Image-2023-11-23-at-09.19.20-2.jpeg 1280w\" sizes=\"auto, (max-width: 1024px) 100vw, 1024px\" \/><\/figure>\n\n\n\n<figure class=\"wp-block-image size-large\"><img loading=\"lazy\" decoding=\"async\" width=\"1024\" height=\"461\" data-id=\"381\" src=\"http:\/\/www.corporacionaprender.cl\/wp\/wp-content\/uploads\/2023\/11\/WhatsApp-Image-2023-11-23-at-09.19.20-1024x461.jpeg\" alt=\"\" class=\"wp-image-381\" srcset=\"https:\/\/www.corporacionaprender.cl\/wp\/wp-content\/uploads\/2023\/11\/WhatsApp-Image-2023-11-23-at-09.19.20-1024x461.jpeg 1024w, https:\/\/www.corporacionaprender.cl\/wp\/wp-content\/uploads\/2023\/11\/WhatsApp-Image-2023-11-23-at-09.19.20-300x135.jpeg 300w, https:\/\/www.corporacionaprender.cl\/wp\/wp-content\/uploads\/2023\/11\/WhatsApp-Image-2023-11-23-at-09.19.20-768x346.jpeg 768w, https:\/\/www.corporacionaprender.cl\/wp\/wp-content\/uploads\/2023\/11\/WhatsApp-Image-2023-11-23-at-09.19.20.jpeg 1280w\" sizes=\"auto, (max-width: 1024px) 100vw, 1024px\" \/><\/figure>\n<\/figure>\n","protected":false},"excerpt":{"rendered":"<p>En el Colegio Sagrado Coraz\u00f3n ha concluido con \u00e9xito la celebraci\u00f3n de la Semana de las Artes, un evento que ha transformado el campus en un vibrante lienzo de expresi\u00f3n cultural y espiritual. Bajo la direcci\u00f3n inspirada de la profesora Elisa Ovalle y el profesor Yolmer Torrealba, la comunidad educativa ha sido testigo de c\u00f3mo [&hellip;]<\/p>\n","protected":false},"author":1,"featured_media":379,"comment_status":"closed","ping_status":"","sticky":false,"template":"","format":"standard","meta":{"pagelayer_contact_templates":[],"_pagelayer_content":"","footnotes":""},"categories":[12,25],"tags":[16,17,42,44,45,43],"class_list":["post-378","post","type-post","status-publish","format-standard","has-post-thumbnail","hentry","category-colegio-sagrado-corazon-lo-espejo","category-corporacion-aprender","tag-colegio-sagrado-corazon-de-lo-espejo","tag-corporacion-aprender","tag-elisa-ovalle","tag-las-artes-se-combinan-con-la-fe","tag-semana-de-las-artes","tag-yolmer-torrealba"],"_links":{"self":[{"href":"https:\/\/www.corporacionaprender.cl\/wp\/wp-json\/wp\/v2\/posts\/378","targetHints":{"allow":["GET"]}}],"collection":[{"href":"https:\/\/www.corporacionaprender.cl\/wp\/wp-json\/wp\/v2\/posts"}],"about":[{"href":"https:\/\/www.corporacionaprender.cl\/wp\/wp-json\/wp\/v2\/types\/post"}],"author":[{"embeddable":true,"href":"https:\/\/www.corporacionaprender.cl\/wp\/wp-json\/wp\/v2\/users\/1"}],"replies":[{"embeddable":true,"href":"https:\/\/www.corporacionaprender.cl\/wp\/wp-json\/wp\/v2\/comments?post=378"}],"version-history":[{"count":1,"href":"https:\/\/www.corporacionaprender.cl\/wp\/wp-json\/wp\/v2\/posts\/378\/revisions"}],"predecessor-version":[{"id":382,"href":"https:\/\/www.corporacionaprender.cl\/wp\/wp-json\/wp\/v2\/posts\/378\/revisions\/382"}],"wp:featuredmedia":[{"embeddable":true,"href":"https:\/\/www.corporacionaprender.cl\/wp\/wp-json\/wp\/v2\/media\/379"}],"wp:attachment":[{"href":"https:\/\/www.corporacionaprender.cl\/wp\/wp-json\/wp\/v2\/media?parent=378"}],"wp:term":[{"taxonomy":"category","embeddable":true,"href":"https:\/\/www.corporacionaprender.cl\/wp\/wp-json\/wp\/v2\/categories?post=378"},{"taxonomy":"post_tag","embeddable":true,"href":"https:\/\/www.corporacionaprender.cl\/wp\/wp-json\/wp\/v2\/tags?post=378"}],"curies":[{"name":"wp","href":"https:\/\/api.w.org\/{rel}","templated":true}]}}